{"id":12435,"date":"2026-08-14T13:52:04","date_gmt":"2026-08-14T17:52:04","guid":{"rendered":"https:\/\/itlchile.com\/?p=12435"},"modified":"2026-09-01T13:56:24","modified_gmt":"2026-09-01T17:56:24","slug":"nuevamesadirectiva","status":"publish","type":"post","link":"https:\/\/itlchile.com\/en\/nuevamesadirectiva\/","title":{"rendered":"ITL elige a su nueva mesa directiva para el per\u00edodo 2026-2028"},"content":{"rendered":"<div data-elementor-type=\"wp-post\" data-elementor-id=\"12435\" class=\"elementor elementor-12435\" data-elementor-post-type=\"post\">\n\t\t\t\t\t\t<section class=\"elementor-section elementor-top-section elementor-element elementor-element-ce553fa elementor-section-full_width elementor-section-height-default elementor-section-height-default qodef-elementor-content-no\" data-id=\"ce553fa\" data-element_type=\"section\" data-e-type=\"section\">\n\t\t\t\t\t\t<div class=\"elementor-container elementor-column-gap-default\">\n\t\t\t\t\t<div class=\"elementor-column elementor-col-100 elementor-top-column elementor-element elementor-element-4dfd8e4\" data-id=\"4dfd8e4\" data-element_type=\"column\" data-e-type=\"column\">\n\t\t\t<div class=\"elementor-widget-wrap elementor-element-populated\">\n\t\t\t\t\t\t<div class=\"elementor-element elementor-element-4a1d944 elementor-widget elementor-widget-text-editor\" data-id=\"4a1d944\" data-element_type=\"widget\" data-e-type=\"widget\" data-widget_type=\"text-editor.default\">\n\t\t\t\t<div class=\"elementor-widget-container\">\n\t\t\t\t\t\t\t\t\t<p style=\"font-weight: 400;\"><strong><em>With this milestone, the Institute consolidates its role as an innovation intermediary linking industry, academia, entrepreneurs, investors and the State.<\/em><\/strong><\/p>\t\t\t\t\t\t\t\t<\/div>\n\t\t\t\t<\/div>\n\t\t\t\t\t<\/div>\n\t\t<\/div>\n\t\t\t\t\t<\/div>\n\t\t<\/section>\n\t\t\t\t<section class=\"elementor-section elementor-top-section elementor-element elementor-element-642c624 elementor-section-full_width elementor-section-height-default elementor-section-height-default qodef-elementor-content-no\" data-id=\"642c624\" data-element_type=\"section\" data-e-type=\"section\">\n\t\t\t\t\t\t<div class=\"elementor-container elementor-column-gap-default\">\n\t\t\t\t\t<div class=\"elementor-column elementor-col-100 elementor-top-column elementor-element elementor-element-1c0238e\" data-id=\"1c0238e\" data-element_type=\"column\" data-e-type=\"column\">\n\t\t\t<div class=\"elementor-widget-wrap elementor-element-populated\">\n\t\t\t\t\t\t<div class=\"elementor-element elementor-element-ff198cd elementor-widget elementor-widget-text-editor\" data-id=\"ff198cd\" data-element_type=\"widget\" data-e-type=\"widget\" data-widget_type=\"text-editor.default\">\n\t\t\t\t<div class=\"elementor-widget-container\">\n\t\t\t\t\t\t\t\t\t<div class=\"elementToProof\" data-ogsc=\"black\" data-ogsb=\"white\"><p style=\"font-weight: 400;\">El nuevo Directorio del Instituto de Tecnolog\u00edas Limpias (ITL), ratificado el pasado 5 de agosto por la Asamblea de Socios en dependencias de la Corporaci\u00f3n de Fomento de la Producci\u00f3n (Corfo) en Santiago, se reuni\u00f3 este mi\u00e9rcoles y eligi\u00f3 a su mesa directiva para el per\u00edodo 2026-2028. Esta qued\u00f3 conformada por Carolina Rojas C\u00f3rdova (Universidad Cat\u00f3lica del Norte) como presidenta, Elena Moreno Gonz\u00e1lez (Corporaci\u00f3n Alta Ley) como vicepresidenta, Carolina Cuevas Guti\u00e9rrez (Colb\u00fan) como secretaria y Paulina Ram\u00edrez Del Barrio (Atamostec) como tesorera.<\/p><p style=\"font-weight: 400;\"><span style=\"color: #f28a00;\"><em>Respecto de su nombramiento como nueva presidenta del directorio, la actual decana de ingenier\u00eda de la Facultad de Ingenier\u00eda y Ciencias Geol\u00f3gicas de la UCN, Carolina Rojas, destac\u00f3 la relevancia de que durante su periodo se logre \u201cacelerar la activaci\u00f3n, desde Antofagasta del ecosistema de innovaci\u00f3n, poniendo en la misma mesa a trabajar a la academia, centros de investigaci\u00f3n, emprendedores y empresas de todos los tama\u00f1os a resolver los desaf\u00edos industriales que tienen hoy la regi\u00f3n y el pa\u00eds, pero de una manera concreta, sustentable y dejando capacidades instaladas en el norte de Chile\u201d.<\/em><\/span><\/p><p style=\"font-weight: 400;\">&#8220;Este Directorio asume en un momento clave para el Instituto: el tr\u00e1nsito entre la Primera Etapa de Puesta en Marcha, que concluye en junio de 2027, y la Segunda Etapa de Operaci\u00f3n, que se extiende hasta junio de 2030. Esto adem\u00e1s coincide con el inicio formal de la primera cartera de proyectos del ITL, lo que ocurrir\u00e1 durante el \u00faltimo trimestre de este a\u00f1o, por lo que se vienen grandes desaf\u00edos, los cuales tengo la confianza podremos abordar en conjunto&#8221;, coment\u00f3 <span style=\"color: #f28a00;\">Patricio Aguilera, director ejecutivo del ITL.<\/span><\/p><p style=\"font-weight: 400;\"><strong>Reconocimiento a la gesti\u00f3n saliente<\/strong><\/p><p style=\"font-weight: 400;\">&#8220;Presidir este Directorio en su etapa fundacional fue un privilegio. Quienes terminamos nuestro rol como directores salientes dejamos una instituci\u00f3n con bases s\u00f3lidas y una red de socios comprometida; conf\u00edo en que esta nueva mesa sabr\u00e1 conducir al ITL hacia la consolidaci\u00f3n de su etapa operativa&#8221;, destac\u00f3 <span style=\"color: #f28a00;\"><em>Carlos Portillo, presidente saliente del Directorio del ITL.<\/em><\/span><\/p><\/div>\t\t\t\t\t\t\t\t<\/div>\n\t\t\t\t<\/div>\n\t\t\t\t\t<\/div>\n\t\t<\/div>\n\t\t\t\t\t<\/div>\n\t\t<\/section>\n\t\t\t\t<section class=\"elementor-section elementor-top-section elementor-element elementor-element-c28544b elementor-section-full_width elementor-section-height-default elementor-section-height-default qodef-elementor-content-no\" data-id=\"c28544b\" data-element_type=\"section\" data-e-type=\"section\">\n\t\t\t\t\t\t<div class=\"elementor-container elementor-column-gap-default\">\n\t\t\t\t\t<div class=\"elementor-column elementor-col-100 elementor-top-column elementor-element elementor-element-cc29626\" data-id=\"cc29626\" data-element_type=\"column\" data-e-type=\"column\">\n\t\t\t<div class=\"elementor-widget-wrap elementor-element-populated\">\n\t\t\t\t\t\t<div class=\"elementor-element elementor-element-62ab447 elementor-widget elementor-widget-text-editor\" data-id=\"62ab447\" data-element_type=\"widget\" data-e-type=\"widget\" data-widget_type=\"text-editor.default\">\n\t\t\t\t<div class=\"elementor-widget-container\">\n\t\t\t\t\t\t\t\t\t<p style=\"font-weight: 400; margin-bottom: 15px;\">breakdown by project<\/p>\n\n<div style=\"overflow-x: auto; margin-bottom: 30px;\"><style>\n    .tabla-desglose {<br \/>\n      width: 100%;<br \/>\n      border-collapse: collapse;<br \/>\n      font-family: inherit;<br \/>\n      font-size: 15px; \/* Puedes ajustar este tama\u00f1o *\/<br \/>\n    }<br \/>\n    .tabla-desglose th, .tabla-desglose td {<br \/>\n      border: 1px solid #e0e0e0;<br \/>\n      padding: 12px 15px;<br \/>\n      text-align: left;<br \/>\n      vertical-align: top;<br \/>\n      line-height: 1.4;<br \/>\n    }<br \/>\n    .tabla-desglose th {<br \/>\n      background-color: #f8f9fa;<br \/>\n      font-weight: bold;<br \/>\n    }<br \/>\n    .tabla-desglose tfoot td {<br \/>\n      font-weight: bold;<br \/>\n      background-color: #f8f9fa;<br \/>\n    }<br \/>\n  <\/style>\n<table class=\"tabla-desglose\">\n<thead>\n<tr>\n<th>\n<div><b><span lang=\"ES-CL\">Estamento<\/span><\/b><\/div><\/th>\n<th>\n<div><b><span lang=\"ES-CL\">Titular<\/span><\/b><\/div><\/th>\n<th>\n<div><b><span lang=\"ES-CL\">Suplente (1)<\/span><\/b><\/div><\/th>\n<th><b><span lang=\"ES-CL\">Suplente (2)<\/span><\/b><\/th>\n<\/tr>\n<\/thead>\n<tbody>\n<tr>\n<td>\n<div><b><span lang=\"ES-CL\">Estamento Universitario<\/span><\/b><\/div><\/td>\n<td>\n<div><span lang=\"ES-CL\">Sra. Carolina Rojas C\u00f3rdova<\/span><\/div><\/td>\n<td>\n<div><span lang=\"ES-CL\">Sra. Susana Mondschein Prieto<\/span><\/div><\/td>\n<td>\n<div><span lang=\"ES-CL\">Sra. Loreto Valenzuela Roediger<\/span><\/div><\/td>\n<\/tr>\n<tr>\n<td>\n<div><b><span lang=\"ES-CL\">Entidades de coordinaci\u00f3n y\/o representante gremial<\/span><\/b><\/div><\/td>\n<td>\n<div><span lang=\"ES-CL\">Sra. Elena Moreno Gonzalez <\/span><\/div><\/td>\n<td>\n<div><span lang=\"ES-CL\">Sra. Andrea Moreno Arancibia<\/span><\/div><\/td>\n<td>\n<div><span lang=\"ES-CL\">Sr. Guillermo Olivares Quintanilla<\/span><\/div><\/td>\n<\/tr>\n<tr>\n<td>\n<div><b><span lang=\"ES-CL\">Energ\u00eda<\/span><\/b><\/div><\/td>\n<td>\n<div><span lang=\"ES-CL\">Sra. Carolina Cuevas Guti\u00e9rrez<\/span><\/div><\/td>\n<td>\n<div><span lang=\"ES-CL\">Sr. Diego Garc\u00eda Mitjans<\/span><\/div><\/td>\n<td>\n<div><span lang=\"ES-CL\">Sr. Heinz M\u00fcller Court<\/span><\/div><\/td>\n<\/tr>\n<tr>\n<td>\n<div><b><span lang=\"ES-CL\">Cadena de valor y electromovilidad<\/span><\/b><\/div><\/td>\n<td><span lang=\"ES-CL\">Sra. Paulina Ram\u00edrez del Barrio<\/span><\/td>\n<td><span lang=\"ES-CL\">Sr. Ren\u00e9 Espinoza Fern\u00e1ndez<\/span><\/td>\n<td><span lang=\"ES-CL\">Sr. Felipe Donoso Vergara<\/span><\/td>\n<\/tr>\n<tr>\n<td>\n<div><b><span lang=\"ES-CL\">Minero<\/span><\/b><\/div><\/td>\n<td>\n<div><span lang=\"ES-CL\">Sr. Francisco Lozano Comparini<\/span><\/div><\/td>\n<td>\n<div>\n<div><span lang=\"ES-CL\">Sr. Christian Claver\u00eda <\/span><\/div>\n<\/div><\/td>\n<td>\n<div><span lang=\"ES-CL\">Sr. Felipe Lagno S\u00e1nchez<\/span><\/div><\/td>\n<\/tr>\n<tr>\n<td>\n<div><b><span lang=\"ES-CL\">Inter\u00e9s P\u00fablico <\/span><\/b><\/div><\/td>\n<td>\n<div><span lang=\"ES-CL\">Sr. Sergio Hern\u00e1ndez N\u00fa\u00f1ez<\/span><\/div><\/td>\n<td>\n<div><span lang=\"ES-CL\">Sr. Iv\u00e1n Valenzuela Rab\u00ed<\/span><\/div><\/td>\n<td><\/td>\n<\/tr>\n<tr>\n<td>\n<div><b><span lang=\"ES-CL\">Inter\u00e9s P\u00fablico <\/span><\/b><\/div><\/td>\n<td>\n<div><span lang=\"ES-CL\">Sr. Ricardo Irarr\u00e1zabal S\u00e1nchez<\/span><\/div><\/td>\n<td>\n<div><span lang=\"ES-CL\">Sr. Willy Kracht Gajardo<\/span><\/div><\/td>\n<td><\/td>\n<\/tr>\n<tr>\n<td>\n<div><b><span lang=\"ES-CL\">Estamento de centros internacionales<\/span><\/b><\/div><\/td>\n<td>\n<div><span lang=\"ES-CL\">Sr. Marco Rivera Abarca<\/span><\/div><\/td>\n<td>\n<div><span lang=\"ES-CL\">Sr. Frank Dinter<\/span><\/div><\/td>\n<td>\n<div><span lang=\"ES-CL\">Sr. Marco Vaccarezza<\/span><\/div><\/td>\n<\/tr>\n<\/tbody>\n<tfoot>\n<tr>\n<\/tr>\n<\/tfoot>\n<\/table>\n<\/div>\t\t\t\t\t\t\t\t<\/div>\n\t\t\t\t<\/div>\n\t\t\t\t\t<\/div>\n\t\t<\/div>\n\t\t\t\t\t<\/div>\n\t\t<\/section>\n\t\t\t\t<\/div>","protected":false},"excerpt":{"rendered":"<p>El Instituto de Tecnolog\u00edas Limpias da la bienvenida a Patricio Aguilera como su nuevo Director Ejecutivo. Ingeniero Civil Industrial y MBA, Aguilera cuenta con m\u00e1s de 30 a\u00f1os de experiencia en liderazgo p\u00fablico-privado, innovaci\u00f3n tecnol\u00f3gica y modernizaci\u00f3n institucional. Su trayectoria incluye cargos en CORFO, el Ministerio de Obras P\u00fablicas y el Centro Nacional de Pilotaje<\/p>","protected":false},"author":2,"featured_media":12441,"comment_status":"open","ping_status":"open","sticky":false,"template":"","format":"standard","meta":{"footnotes":"","_members_access_role":[],"_members_access_error":""},"categories":[77],"tags":[],"class_list":["post-12435","post","type-post","status-publish","format-standard","has-post-thumbnail","hentry","category-noticias"],"yoast_head":"<!-- This site is optimized with the Yoast SEO plugin v28.2 - https:\/\/yoast.com\/product\/yoast-seo-wordpress\/ -->\n<title>ITL elige a su nueva mesa directiva para el per\u00edodo 2026-2028 - Instituto de Tecnolog\u00edas Limpias | Chile<\/title>\n<meta name=\"robots\" content=\"index, follow, max-snippet:-1, max-image-preview:large, max-video-preview:-1\" \/>\n<link rel=\"canonical\" href=\"https:\/\/itlchile.com\/en\/nuevamesadirectiva\/\" \/>\n<meta property=\"og:locale\" content=\"en_US\" \/>\n<meta property=\"og:type\" content=\"article\" \/>\n<meta property=\"og:title\" content=\"ITL elige a su nueva mesa directiva para el per\u00edodo 2026-2028 - Instituto de Tecnolog\u00edas Limpias | Chile\" \/>\n<meta property=\"og:description\" content=\"El Instituto de Tecnolog\u00edas Limpias da la bienvenida a Patricio Aguilera como su nuevo Director Ejecutivo. Ingeniero Civil Industrial y MBA, Aguilera cuenta con m\u00e1s de 30 a\u00f1os de experiencia en liderazgo p\u00fablico-privado, innovaci\u00f3n tecnol\u00f3gica y modernizaci\u00f3n institucional. Su trayectoria incluye cargos en CORFO, el Ministerio de Obras P\u00fablicas y el Centro Nacional de Pilotaje\" \/>\n<meta property=\"og:url\" content=\"https:\/\/itlchile.com\/en\/nuevamesadirectiva\/\" \/>\n<meta property=\"og:site_name\" content=\"Instituto de Tecnolog\u00edas Limpias | Chile\" \/>\n<meta property=\"article:published_time\" content=\"2026-08-14T17:52:04+00:00\" \/>\n<meta property=\"article:modified_time\" content=\"2026-09-01T17:56:24+00:00\" \/>\n<meta property=\"og:image\" content=\"https:\/\/itlchile.com\/wp-content\/uploads\/2026\/09\/Artboard-6-1024x835.png\" \/>\n\t<meta property=\"og:image:width\" content=\"1024\" \/>\n\t<meta property=\"og:image:height\" content=\"835\" \/>\n\t<meta property=\"og:image:type\" content=\"image\/png\" \/>\n<meta name=\"author\" content=\"Admin ITL Chile\" \/>\n<meta name=\"twitter:card\" content=\"summary_large_image\" \/>\n<meta name=\"twitter:creator\" content=\"@itlchile\" \/>\n<meta name=\"twitter:site\" content=\"@itlchile\" \/>\n<meta name=\"twitter:label1\" content=\"Written by\" \/>\n\t<meta name=\"twitter:data1\" content=\"Admin ITL Chile\" \/>\n\t<meta name=\"twitter:label2\" content=\"Est. reading time\" \/>\n\t<meta name=\"twitter:data2\" content=\"3 minutes\" \/>\n<script type=\"application\/ld+json\" class=\"yoast-schema-graph\">{\"@context\":\"https:\\\/\\\/schema.org\",\"@graph\":[{\"@type\":\"Article\",\"@id\":\"https:\\\/\\\/itlchile.com\\\/nuevamesadirectiva\\\/#article\",\"isPartOf\":{\"@id\":\"https:\\\/\\\/itlchile.com\\\/nuevamesadirectiva\\\/\"},\"author\":{\"name\":\"Admin ITL Chile\",\"@id\":\"https:\\\/\\\/itlchile.com\\\/#\\\/schema\\\/person\\\/f78eb41f0f38bcb7590512fe551780cc\"},\"headline\":\"ITL elige a su nueva mesa directiva para el per\u00edodo 2026-2028\",\"datePublished\":\"2026-08-14T17:52:04+00:00\",\"dateModified\":\"2026-09-01T17:56:24+00:00\",\"mainEntityOfPage\":{\"@id\":\"https:\\\/\\\/itlchile.com\\\/nuevamesadirectiva\\\/\"},\"wordCount\":525,\"commentCount\":0,\"publisher\":{\"@id\":\"https:\\\/\\\/itlchile.com\\\/#organization\"},\"image\":{\"@id\":\"https:\\\/\\\/itlchile.com\\\/nuevamesadirectiva\\\/#primaryimage\"},\"thumbnailUrl\":\"https:\\\/\\\/itlchile.com\\\/wp-content\\\/uploads\\\/2026\\\/09\\\/Artboard-6.png\",\"articleSection\":[\"Noticias\"],\"inLanguage\":\"en-US\",\"potentialAction\":[{\"@type\":\"CommentAction\",\"name\":\"Comment\",\"target\":[\"https:\\\/\\\/itlchile.com\\\/nuevamesadirectiva\\\/#respond\"]}]},{\"@type\":\"WebPage\",\"@id\":\"https:\\\/\\\/itlchile.com\\\/nuevamesadirectiva\\\/\",\"url\":\"https:\\\/\\\/itlchile.com\\\/nuevamesadirectiva\\\/\",\"name\":\"ITL elige a su nueva mesa directiva para el per\u00edodo 2026-2028 - Instituto de Tecnolog\u00edas Limpias | Chile\",\"isPartOf\":{\"@id\":\"https:\\\/\\\/itlchile.com\\\/#website\"},\"primaryImageOfPage\":{\"@id\":\"https:\\\/\\\/itlchile.com\\\/nuevamesadirectiva\\\/#primaryimage\"},\"image\":{\"@id\":\"https:\\\/\\\/itlchile.com\\\/nuevamesadirectiva\\\/#primaryimage\"},\"thumbnailUrl\":\"https:\\\/\\\/itlchile.com\\\/wp-content\\\/uploads\\\/2026\\\/09\\\/Artboard-6.png\",\"datePublished\":\"2026-08-14T17:52:04+00:00\",\"dateModified\":\"2026-09-01T17:56:24+00:00\",\"breadcrumb\":{\"@id\":\"https:\\\/\\\/itlchile.com\\\/nuevamesadirectiva\\\/#breadcrumb\"},\"inLanguage\":\"en-US\",\"potentialAction\":[{\"@type\":\"ReadAction\",\"target\":[\"https:\\\/\\\/itlchile.com\\\/nuevamesadirectiva\\\/\"]}]},{\"@type\":\"ImageObject\",\"inLanguage\":\"en-US\",\"@id\":\"https:\\\/\\\/itlchile.com\\\/nuevamesadirectiva\\\/#primaryimage\",\"url\":\"https:\\\/\\\/itlchile.com\\\/wp-content\\\/uploads\\\/2026\\\/09\\\/Artboard-6.png\",\"contentUrl\":\"https:\\\/\\\/itlchile.com\\\/wp-content\\\/uploads\\\/2026\\\/09\\\/Artboard-6.png\",\"width\":1595,\"height\":1300},{\"@type\":\"BreadcrumbList\",\"@id\":\"https:\\\/\\\/itlchile.com\\\/nuevamesadirectiva\\\/#breadcrumb\",\"itemListElement\":[{\"@type\":\"ListItem\",\"position\":1,\"name\":\"Portada\",\"item\":\"https:\\\/\\\/itlchile.com\\\/\"},{\"@type\":\"ListItem\",\"position\":2,\"name\":\"ITL elige a su nueva mesa directiva para el per\u00edodo 2026-2028\"}]},{\"@type\":\"WebSite\",\"@id\":\"https:\\\/\\\/itlchile.com\\\/#website\",\"url\":\"https:\\\/\\\/itlchile.com\\\/\",\"name\":\"Instituto de Tecnolog\u00edas Limpias | Chile\",\"description\":\"\",\"publisher\":{\"@id\":\"https:\\\/\\\/itlchile.com\\\/#organization\"},\"potentialAction\":[{\"@type\":\"SearchAction\",\"target\":{\"@type\":\"EntryPoint\",\"urlTemplate\":\"https:\\\/\\\/itlchile.com\\\/?s={search_term_string}\"},\"query-input\":{\"@type\":\"PropertyValueSpecification\",\"valueRequired\":true,\"valueName\":\"search_term_string\"}}],\"inLanguage\":\"en-US\"},{\"@type\":\"Organization\",\"@id\":\"https:\\\/\\\/itlchile.com\\\/#organization\",\"name\":\"Instituto de Tecnolog\u00edas Limpias | Chile\",\"url\":\"https:\\\/\\\/itlchile.com\\\/\",\"logo\":{\"@type\":\"ImageObject\",\"inLanguage\":\"en-US\",\"@id\":\"https:\\\/\\\/itlchile.com\\\/#\\\/schema\\\/logo\\\/image\\\/\",\"url\":\"https:\\\/\\\/itlchile.com\\\/wp-content\\\/uploads\\\/2025\\\/06\\\/logo-itl-header-1.png\",\"contentUrl\":\"https:\\\/\\\/itlchile.com\\\/wp-content\\\/uploads\\\/2025\\\/06\\\/logo-itl-header-1.png\",\"width\":467,\"height\":168,\"caption\":\"Instituto de Tecnolog\u00edas Limpias | Chile\"},\"image\":{\"@id\":\"https:\\\/\\\/itlchile.com\\\/#\\\/schema\\\/logo\\\/image\\\/\"},\"sameAs\":[\"https:\\\/\\\/x.com\\\/itlchile\",\"https:\\\/\\\/www.instagram.com\\\/itlchile\\\/\"]},{\"@type\":\"Person\",\"@id\":\"https:\\\/\\\/itlchile.com\\\/#\\\/schema\\\/person\\\/f78eb41f0f38bcb7590512fe551780cc\",\"name\":\"Admin ITL Chile\",\"image\":{\"@type\":\"ImageObject\",\"inLanguage\":\"en-US\",\"@id\":\"https:\\\/\\\/secure.gravatar.com\\\/avatar\\\/9a029fc1168b8bd71274b99a47d2cae15105b1d04b2ae5a8dc91bf6f8d736398?s=96&d=mm&r=g\",\"url\":\"https:\\\/\\\/secure.gravatar.com\\\/avatar\\\/9a029fc1168b8bd71274b99a47d2cae15105b1d04b2ae5a8dc91bf6f8d736398?s=96&d=mm&r=g\",\"contentUrl\":\"https:\\\/\\\/secure.gravatar.com\\\/avatar\\\/9a029fc1168b8bd71274b99a47d2cae15105b1d04b2ae5a8dc91bf6f8d736398?s=96&d=mm&r=g\",\"caption\":\"Admin ITL Chile\"},\"url\":\"https:\\\/\\\/itlchile.com\\\/en\\\/author\\\/administracion_itlchilecom\\\/\"}]}<\/script>\n<!-- \/ Yoast SEO plugin. -->","yoast_head_json":{"title":"ITL elige a su nueva mesa directiva para el per\u00edodo 2026-2028 - Instituto de Tecnolog\u00edas Limpias | Chile","robots":{"index":"index","follow":"follow","max-snippet":"max-snippet:-1","max-image-preview":"max-image-preview:large","max-video-preview":"max-video-preview:-1"},"canonical":"https:\/\/itlchile.com\/en\/nuevamesadirectiva\/","og_locale":"en_US","og_type":"article","og_title":"ITL elige a su nueva mesa directiva para el per\u00edodo 2026-2028 - Instituto de Tecnolog\u00edas Limpias | Chile","og_description":"El Instituto de Tecnolog\u00edas Limpias da la bienvenida a Patricio Aguilera como su nuevo Director Ejecutivo. Ingeniero Civil Industrial y MBA, Aguilera cuenta con m\u00e1s de 30 a\u00f1os de experiencia en liderazgo p\u00fablico-privado, innovaci\u00f3n tecnol\u00f3gica y modernizaci\u00f3n institucional. Su trayectoria incluye cargos en CORFO, el Ministerio de Obras P\u00fablicas y el Centro Nacional de Pilotaje","og_url":"https:\/\/itlchile.com\/en\/nuevamesadirectiva\/","og_site_name":"Instituto de Tecnolog\u00edas Limpias | Chile","article_published_time":"2026-08-14T17:52:04+00:00","article_modified_time":"2026-09-01T17:56:24+00:00","og_image":[{"width":1024,"height":835,"url":"https:\/\/itlchile.com\/wp-content\/uploads\/2026\/09\/Artboard-6-1024x835.png","type":"image\/png"}],"author":"Admin ITL Chile","twitter_card":"summary_large_image","twitter_creator":"@itlchile","twitter_site":"@itlchile","twitter_misc":{"Written by":"Admin ITL Chile","Est. reading time":"3 minutes"},"schema":{"@context":"https:\/\/schema.org","@graph":[{"@type":"Article","@id":"https:\/\/itlchile.com\/nuevamesadirectiva\/#article","isPartOf":{"@id":"https:\/\/itlchile.com\/nuevamesadirectiva\/"},"author":{"name":"Admin ITL Chile","@id":"https:\/\/itlchile.com\/#\/schema\/person\/f78eb41f0f38bcb7590512fe551780cc"},"headline":"ITL elige a su nueva mesa directiva para el per\u00edodo 2026-2028","datePublished":"2026-08-14T17:52:04+00:00","dateModified":"2026-09-01T17:56:24+00:00","mainEntityOfPage":{"@id":"https:\/\/itlchile.com\/nuevamesadirectiva\/"},"wordCount":525,"commentCount":0,"publisher":{"@id":"https:\/\/itlchile.com\/#organization"},"image":{"@id":"https:\/\/itlchile.com\/nuevamesadirectiva\/#primaryimage"},"thumbnailUrl":"https:\/\/itlchile.com\/wp-content\/uploads\/2026\/09\/Artboard-6.png","articleSection":["Noticias"],"inLanguage":"en-US","potentialAction":[{"@type":"CommentAction","name":"Comment","target":["https:\/\/itlchile.com\/nuevamesadirectiva\/#respond"]}]},{"@type":"WebPage","@id":"https:\/\/itlchile.com\/nuevamesadirectiva\/","url":"https:\/\/itlchile.com\/nuevamesadirectiva\/","name":"ITL elige a su nueva mesa directiva para el per\u00edodo 2026-2028 - Instituto de Tecnolog\u00edas Limpias | Chile","isPartOf":{"@id":"https:\/\/itlchile.com\/#website"},"primaryImageOfPage":{"@id":"https:\/\/itlchile.com\/nuevamesadirectiva\/#primaryimage"},"image":{"@id":"https:\/\/itlchile.com\/nuevamesadirectiva\/#primaryimage"},"thumbnailUrl":"https:\/\/itlchile.com\/wp-content\/uploads\/2026\/09\/Artboard-6.png","datePublished":"2026-08-14T17:52:04+00:00","dateModified":"2026-09-01T17:56:24+00:00","breadcrumb":{"@id":"https:\/\/itlchile.com\/nuevamesadirectiva\/#breadcrumb"},"inLanguage":"en-US","potentialAction":[{"@type":"ReadAction","target":["https:\/\/itlchile.com\/nuevamesadirectiva\/"]}]},{"@type":"ImageObject","inLanguage":"en-US","@id":"https:\/\/itlchile.com\/nuevamesadirectiva\/#primaryimage","url":"https:\/\/itlchile.com\/wp-content\/uploads\/2026\/09\/Artboard-6.png","contentUrl":"https:\/\/itlchile.com\/wp-content\/uploads\/2026\/09\/Artboard-6.png","width":1595,"height":1300},{"@type":"BreadcrumbList","@id":"https:\/\/itlchile.com\/nuevamesadirectiva\/#breadcrumb","itemListElement":[{"@type":"ListItem","position":1,"name":"Portada","item":"https:\/\/itlchile.com\/"},{"@type":"ListItem","position":2,"name":"ITL elige a su nueva mesa directiva para el per\u00edodo 2026-2028"}]},{"@type":"WebSite","@id":"https:\/\/itlchile.com\/#website","url":"https:\/\/itlchile.com\/","name":"Instituto de Tecnolog\u00edas Limpias | Chile","description":"","publisher":{"@id":"https:\/\/itlchile.com\/#organization"},"potentialAction":[{"@type":"SearchAction","target":{"@type":"EntryPoint","urlTemplate":"https:\/\/itlchile.com\/?s={search_term_string}"},"query-input":{"@type":"PropertyValueSpecification","valueRequired":true,"valueName":"search_term_string"}}],"inLanguage":"en-US"},{"@type":"Organization","@id":"https:\/\/itlchile.com\/#organization","name":"Instituto de Tecnolog\u00edas Limpias | Chile","url":"https:\/\/itlchile.com\/","logo":{"@type":"ImageObject","inLanguage":"en-US","@id":"https:\/\/itlchile.com\/#\/schema\/logo\/image\/","url":"https:\/\/itlchile.com\/wp-content\/uploads\/2025\/06\/logo-itl-header-1.png","contentUrl":"https:\/\/itlchile.com\/wp-content\/uploads\/2025\/06\/logo-itl-header-1.png","width":467,"height":168,"caption":"Instituto de Tecnolog\u00edas Limpias | Chile"},"image":{"@id":"https:\/\/itlchile.com\/#\/schema\/logo\/image\/"},"sameAs":["https:\/\/x.com\/itlchile","https:\/\/www.instagram.com\/itlchile\/"]},{"@type":"Person","@id":"https:\/\/itlchile.com\/#\/schema\/person\/f78eb41f0f38bcb7590512fe551780cc","name":"Admin ITL Chile","image":{"@type":"ImageObject","inLanguage":"en-US","@id":"https:\/\/secure.gravatar.com\/avatar\/9a029fc1168b8bd71274b99a47d2cae15105b1d04b2ae5a8dc91bf6f8d736398?s=96&d=mm&r=g","url":"https:\/\/secure.gravatar.com\/avatar\/9a029fc1168b8bd71274b99a47d2cae15105b1d04b2ae5a8dc91bf6f8d736398?s=96&d=mm&r=g","contentUrl":"https:\/\/secure.gravatar.com\/avatar\/9a029fc1168b8bd71274b99a47d2cae15105b1d04b2ae5a8dc91bf6f8d736398?s=96&d=mm&r=g","caption":"Admin ITL Chile"},"url":"https:\/\/itlchile.com\/en\/author\/administracion_itlchilecom\/"}]}},"_links":{"self":[{"href":"https:\/\/itlchile.com\/en\/wp-json\/wp\/v2\/posts\/12435","targetHints":{"allow":["GET"]}}],"collection":[{"href":"https:\/\/itlchile.com\/en\/wp-json\/wp\/v2\/posts"}],"about":[{"href":"https:\/\/itlchile.com\/en\/wp-json\/wp\/v2\/types\/post"}],"author":[{"embeddable":true,"href":"https:\/\/itlchile.com\/en\/wp-json\/wp\/v2\/users\/2"}],"replies":[{"embeddable":true,"href":"https:\/\/itlchile.com\/en\/wp-json\/wp\/v2\/comments?post=12435"}],"version-history":[{"count":10,"href":"https:\/\/itlchile.com\/en\/wp-json\/wp\/v2\/posts\/12435\/revisions"}],"predecessor-version":[{"id":12448,"href":"https:\/\/itlchile.com\/en\/wp-json\/wp\/v2\/posts\/12435\/revisions\/12448"}],"wp:featuredmedia":[{"embeddable":true,"href":"https:\/\/itlchile.com\/en\/wp-json\/wp\/v2\/media\/12441"}],"wp:attachment":[{"href":"https:\/\/itlchile.com\/en\/wp-json\/wp\/v2\/media?parent=12435"}],"wp:term":[{"taxonomy":"category","embeddable":true,"href":"https:\/\/itlchile.com\/en\/wp-json\/wp\/v2\/categories?post=12435"},{"taxonomy":"post_tag","embeddable":true,"href":"https:\/\/itlchile.com\/en\/wp-json\/wp\/v2\/tags?post=12435"}],"curies":[{"name":"wp","href":"https:\/\/api.w.org\/{rel}","templated":true}]}}